{"id":9486,"date":"2023-08-15T10:27:04","date_gmt":"2023-08-15T08:27:04","guid":{"rendered":"https:\/\/www.cloudandheat.com\/?p=9486"},"modified":"2023-08-22T13:38:07","modified_gmt":"2023-08-22T11:38:07","slug":"energy-efficiency-optimisation-of-data-centres","status":"publish","type":"post","link":"https:\/\/www.cloudandheat.com\/en\/stellgroessen-der-energieeffizienzoptimierung-von-rechenzentren\/","title":{"rendered":"Parameters for optimising the energy efficiency of data centres"},"content":{"rendered":"\t\t<div data-elementor-type=\"wp-post\" data-elementor-id=\"9486\" class=\"elementor elementor-9486\" data-elementor-post-type=\"post\">\n\t\t\t\t\t\t<section class=\"elementor-section elementor-top-section elementor-element elementor-element-4b647e6a elementor-section-boxed elementor-section-height-default elementor-section-height-default\" data-id=\"4b647e6a\" data-element_type=\"section\" data-e-type=\"section\">\n\t\t\t\t\t\t<div class=\"elementor-container elementor-column-gap-default\">\n\t\t\t\t\t<div class=\"elementor-column elementor-col-100 elementor-top-column elementor-element elementor-element-6e22a534\" data-id=\"6e22a534\" data-element_type=\"column\" data-e-type=\"column\">\n\t\t\t<div class=\"elementor-widget-wrap elementor-element-populated\">\n\t\t\t\t\t\t<div class=\"elementor-element elementor-element-69afcf elementor-widget elementor-widget-text-editor\" data-id=\"69afcf\" data-element_type=\"widget\" data-e-type=\"widget\" data-widget_type=\"text-editor.default\">\n\t\t\t\t<div class=\"elementor-widget-container\">\n\t\t\t\t\t\t\t\t\t<p>Eine der globalen Herausforderungen des 21. Jahrhunderts besteht darin, dem Klimawandel entgegenzuwirken. Der Erfolg des deutschen Beitrags, in Form der f\u00fcr 2030 und 2045 gesteckten Klimaziele, ist unter den bisherigen Rahmenbedingungen in Gefahr [<a href=\"#Quellen\">1<\/a>]. Als Gegenma\u00dfnahme formuliert daher das neue Energieeffizienzgesetz (EnEfG) weitreichende Anforderungen und gesetzliche Vorgaben, um die Energieeffizienz zu steigern und klimasch\u00e4dliche Emissionen zu reduzieren.<\/p><p>Erstmalig wird hierbei auch explizit die energieintensive und wachstumsstarke Rechenzentrumsbranche adressiert, um deren spezifischen Energiebedarf zu senken und die Abw\u00e4rmenutzung von Rechenzentren voranzutreiben. Zurecht, denn mit 16 TWh pro Jahr ben\u00f6tigen deutsche Rechenzentren beispielsweise deutlich mehr elektrische Energie als Berlin [<a href=\"#Quellen\">2<\/a>].<\/p><p>Abbildung 1 belegt f\u00fcr Betreiber und Eigent\u00fcmer: Es lohnt sich in vielerlei Hinsicht, die Energieeffizienz ihrer Rechenzentren zu optimieren. <br \/>Vor diesem Hintergrund stellen wir 3 grundlegende Ma\u00dfnahmen vor, mit der sich die Effizienz von Rechenzentren steigern l\u00e4sst.<\/p>\t\t\t\t\t\t\t\t<\/div>\n\t\t\t\t<\/div>\n\t\t\t\t\t<\/div>\n\t\t<\/div>\n\t\t\t\t\t<\/div>\n\t\t<\/section>\n\t\t\t\t<section class=\"elementor-section elementor-top-section elementor-element elementor-element-f6e34de elementor-section-boxed elementor-section-height-default elementor-section-height-default\" data-id=\"f6e34de\" data-element_type=\"section\" data-e-type=\"section\">\n\t\t\t\t\t\t<div class=\"elementor-container elementor-column-gap-default\">\n\t\t\t\t\t<div class=\"elementor-column elementor-col-100 elementor-top-column elementor-element elementor-element-8f5527b\" data-id=\"8f5527b\" data-element_type=\"column\" data-e-type=\"column\">\n\t\t\t<div class=\"elementor-widget-wrap elementor-element-populated\">\n\t\t\t\t\t\t<div class=\"elementor-element elementor-element-e164119 elementor-widget elementor-widget-image\" data-id=\"e164119\" data-element_type=\"widget\" data-e-type=\"widget\" data-widget_type=\"image.default\">\n\t\t\t\t<div class=\"elementor-widget-container\">\n\t\t\t\t\t\t\t\t\t\t\t\t\t\t\t<img fetchpriority=\"high\" decoding=\"async\" width=\"800\" height=\"120\" src=\"https:\/\/www.cloudandheat.com\/wp-content\/uploads\/2023\/08\/Abb_1_Faktoren_Energieeffizienz-1024x153.png\" class=\"attachment-large size-large wp-image-9498\" alt=\"Impulsgebende Faktoren f\u00fcr energieeffiziente Rechenzentren\" srcset=\"https:\/\/www.cloudandheat.com\/wp-content\/uploads\/2023\/08\/Abb_1_Faktoren_Energieeffizienz-1024x153.png 1024w, https:\/\/www.cloudandheat.com\/wp-content\/uploads\/2023\/08\/Abb_1_Faktoren_Energieeffizienz-300x45.png 300w, https:\/\/www.cloudandheat.com\/wp-content\/uploads\/2023\/08\/Abb_1_Faktoren_Energieeffizienz-768x115.png 768w, https:\/\/www.cloudandheat.com\/wp-content\/uploads\/2023\/08\/Abb_1_Faktoren_Energieeffizienz-1536x229.png 1536w, https:\/\/www.cloudandheat.com\/wp-content\/uploads\/2023\/08\/Abb_1_Faktoren_Energieeffizienz-18x3.png 18w, https:\/\/www.cloudandheat.com\/wp-content\/uploads\/2023\/08\/Abb_1_Faktoren_Energieeffizienz.png 1948w\" sizes=\"(max-width: 800px) 100vw, 800px\" \/>\t\t\t\t\t\t\t\t\t\t\t\t\t\t\t<\/div>\n\t\t\t\t<\/div>\n\t\t\t\t<div class=\"elementor-element elementor-element-9ea63bf elementor-widget elementor-widget-text-editor\" data-id=\"9ea63bf\" data-element_type=\"widget\" data-e-type=\"widget\" data-widget_type=\"text-editor.default\">\n\t\t\t\t<div class=\"elementor-widget-container\">\n\t\t\t\t\t\t\t\t\t<h6>Abbildung 1: Impulsgebende Faktoren f\u00fcr energieeffiziente Rechenzentren<\/h6>\t\t\t\t\t\t\t\t<\/div>\n\t\t\t\t<\/div>\n\t\t\t\t\t<\/div>\n\t\t<\/div>\n\t\t\t\t\t<\/div>\n\t\t<\/section>\n\t\t\t\t<section class=\"elementor-section elementor-top-section elementor-element elementor-element-3b2ec85 elementor-section-boxed elementor-section-height-default elementor-section-height-default\" data-id=\"3b2ec85\" data-element_type=\"section\" data-e-type=\"section\">\n\t\t\t\t\t\t<div class=\"elementor-container elementor-column-gap-default\">\n\t\t\t\t\t<div class=\"elementor-column elementor-col-100 elementor-top-column elementor-element elementor-element-0fe1e7d\" data-id=\"0fe1e7d\" data-element_type=\"column\" data-e-type=\"column\">\n\t\t\t<div class=\"elementor-widget-wrap elementor-element-populated\">\n\t\t\t\t\t\t<div class=\"elementor-element elementor-element-09201aa elementor-widget elementor-widget-heading\" data-id=\"09201aa\" data-element_type=\"widget\" data-e-type=\"widget\" data-widget_type=\"heading.default\">\n\t\t\t\t<div class=\"elementor-widget-container\">\n\t\t\t\t\t<h2 class=\"elementor-heading-title elementor-size-default\">Ma\u00dfnahme 1: Effiziente Komponenten w\u00e4hlen<\/h2>\t\t\t\t<\/div>\n\t\t\t\t<\/div>\n\t\t\t\t<div class=\"elementor-element elementor-element-a821f9c elementor-widget elementor-widget-text-editor\" data-id=\"a821f9c\" data-element_type=\"widget\" data-e-type=\"widget\" data-widget_type=\"text-editor.default\">\n\t\t\t\t<div class=\"elementor-widget-container\">\n\t\t\t\t\t\t\t\t\t<p>Neben den reinen Investitionskosten stellen der Energiebedarf w\u00e4hrend der Nutzung und somit die Betriebskosten ein entscheidendes Kriterium bei der Komponentenauswahl dar. Komponenten, die einen hohen Anteil am Gesamtenergieverbrauch aufweisen, sind dabei zu priorisieren.<\/p><p>&nbsp;<br>F\u00fcr Rechenzentren betrifft dies vor allem:<\/p>\n<ul>\n<li>die unterbrechungsfreie Stromversorgung (USV),<\/li>\n<li>die Netzteile der Server und<\/li>\n<li>die Kompressionsk\u00e4ltemaschine des K\u00fchlsystems.<br><br>\n<\/li>\n<\/ul>\n<p>Der Vergleich der Betriebs- und Investitionskostenkosten zweier Netzteile (s. Abbildung 2) zeigt, dass eine h\u00f6here Investition in energieeffizientere Komponenten vor allem dann sinnvoll ist, wenn sich diese durch die Betriebskosteneinsparung innerhalb von wenigen Jahren wieder amortisiert.<\/p>\t\t\t\t\t\t\t\t<\/div>\n\t\t\t\t<\/div>\n\t\t\t\t\t<\/div>\n\t\t<\/div>\n\t\t\t\t\t<\/div>\n\t\t<\/section>\n\t\t\t\t<section class=\"elementor-section elementor-top-section elementor-element elementor-element-2dc6bea elementor-section-boxed elementor-section-height-default elementor-section-height-default\" data-id=\"2dc6bea\" data-element_type=\"section\" data-e-type=\"section\">\n\t\t\t\t\t\t<div class=\"elementor-container elementor-column-gap-default\">\n\t\t\t\t\t<div class=\"elementor-column elementor-col-100 elementor-top-column elementor-element elementor-element-d345464\" data-id=\"d345464\" data-element_type=\"column\" data-e-type=\"column\">\n\t\t\t<div class=\"elementor-widget-wrap elementor-element-populated\">\n\t\t\t\t\t\t<div class=\"elementor-element elementor-element-fac9505 elementor-widget elementor-widget-image\" data-id=\"fac9505\" data-element_type=\"widget\" data-e-type=\"widget\" data-widget_type=\"image.default\">\n\t\t\t\t<div class=\"elementor-widget-container\">\n\t\t\t\t\t\t\t\t\t\t\t\t\t\t\t<img decoding=\"async\" width=\"800\" height=\"546\" src=\"https:\/\/www.cloudandheat.com\/wp-content\/uploads\/2023\/08\/Abb_2_Netzteil_Kostenvergleich.png\" class=\"attachment-large size-large wp-image-9500\" alt=\"\" srcset=\"https:\/\/www.cloudandheat.com\/wp-content\/uploads\/2023\/08\/Abb_2_Netzteil_Kostenvergleich.png 892w, https:\/\/www.cloudandheat.com\/wp-content\/uploads\/2023\/08\/Abb_2_Netzteil_Kostenvergleich-300x205.png 300w, https:\/\/www.cloudandheat.com\/wp-content\/uploads\/2023\/08\/Abb_2_Netzteil_Kostenvergleich-768x524.png 768w, https:\/\/www.cloudandheat.com\/wp-content\/uploads\/2023\/08\/Abb_2_Netzteil_Kostenvergleich-18x12.png 18w\" sizes=\"(max-width: 800px) 100vw, 800px\" \/>\t\t\t\t\t\t\t\t\t\t\t\t\t\t\t<\/div>\n\t\t\t\t<\/div>\n\t\t\t\t<div class=\"elementor-element elementor-element-fb10332 elementor-widget elementor-widget-text-editor\" data-id=\"fb10332\" data-element_type=\"widget\" data-e-type=\"widget\" data-widget_type=\"text-editor.default\">\n\t\t\t\t<div class=\"elementor-widget-container\">\n\t\t\t\t\t\t\t\t\t<h6>Abbildung 2: Vergleich der Investitions- und Betriebskosten f\u00fcr verschiedene 1000 W-Netzteile bei 20% Last, Preise Stand 08\/23<\/h6>\t\t\t\t\t\t\t\t<\/div>\n\t\t\t\t<\/div>\n\t\t\t\t\t<\/div>\n\t\t<\/div>\n\t\t\t\t\t<\/div>\n\t\t<\/section>\n\t\t\t\t<section class=\"elementor-section elementor-top-section elementor-element elementor-element-a078fdc elementor-section-boxed elementor-section-height-default elementor-section-height-default\" data-id=\"a078fdc\" data-element_type=\"section\" data-e-type=\"section\">\n\t\t\t\t\t\t<div class=\"elementor-container elementor-column-gap-default\">\n\t\t\t\t\t<div class=\"elementor-column elementor-col-100 elementor-top-column elementor-element elementor-element-a49710b\" data-id=\"a49710b\" data-element_type=\"column\" data-e-type=\"column\">\n\t\t\t<div class=\"elementor-widget-wrap elementor-element-populated\">\n\t\t\t\t\t\t<div class=\"elementor-element elementor-element-5d9386c elementor-widget elementor-widget-heading\" data-id=\"5d9386c\" data-element_type=\"widget\" data-e-type=\"widget\" data-widget_type=\"heading.default\">\n\t\t\t\t<div class=\"elementor-widget-container\">\n\t\t\t\t\t<h2 class=\"elementor-heading-title elementor-size-default\">Ma\u00dfnahme 2: System f\u00fcr den Betriebspunkt optimieren<\/h2>\t\t\t\t<\/div>\n\t\t\t\t<\/div>\n\t\t\t\t<div class=\"elementor-element elementor-element-f4bbfcd elementor-widget elementor-widget-text-editor\" data-id=\"f4bbfcd\" data-element_type=\"widget\" data-e-type=\"widget\" data-widget_type=\"text-editor.default\">\n\t\t\t\t<div class=\"elementor-widget-container\">\n\t\t\t\t\t\t\t\t\t<p>Eine 100-prozentige Auslastung aller IT-Ressourcen eines Rechenzentrums ist zwar theoretisch m\u00f6glich, in der Praxis f\u00e4llt die mittlere Auslastung jedoch je nach Anwendungsszenario deutlich geringer aus. F\u00fcr ein Cloud-Rechenzentrum beispielsweise bewegt sich die typische Auslastung zwischen 20 und 30 Prozent [<a href=\"#Quellen\">3<\/a>]. Daher ist es besonders wichtig, das System f\u00fcr den Betriebspunkt und nicht f\u00fcr den Volllastfall auszulegen. Ansonsten hat man im Betriebspunkt mit deutlichen Effizienzeinbu\u00dfen zu rechnen (siehe Abbildung 3). Eine hohe Effizienz f\u00fcr den Teillastfall kann erzielt werden durch:<\/p><ul><li>eine vorteilhafte Steuerung von Komponenten, wie sie z. B. die Drehzahlregelung von Ventilatoren und Umw\u00e4lzpumpen erm\u00f6glicht, <br \/>oder durch<\/li><li>modulare Anlagen<br \/><br \/><br \/><\/li><\/ul><p>Letztere k\u00f6nnen bedarfsgerecht zugeschaltet werden. Die hohen Wirkungsgradeinbu\u00dfen gro\u00dfer Aggregate, die entstehen, wenn diese stark heruntergeregelt werden m\u00fcssen, k\u00f6nnen so verhindert werden. Eine weitere Anwendungsm\u00f6glichkeit, um mit Modularit\u00e4t die Teillasteffizienz zu optimieren, stellt die sinnvolle Verschaltung von Komponenten dar. Dazu z\u00e4hlt z. B. die Reihenschaltung von L\u00fcftern \u2013 mit der sich f\u00fcr einen ben\u00f6tigten Luftvolumenstrom im Vergleich zu einzelnen L\u00fcftern geringere Drehzahlen f\u00fcr den L\u00fcfterverbund realisieren lassen. Da die Leistungsaufnahme von L\u00fcftern eine kubische Abh\u00e4ngigkeit zu ihrer Drehzahl hat (P ~ n\u00b3), kann dadurch der Gesamtenergiebedarf f\u00fcr den Lufttransport reduziert werden.<\/p>\t\t\t\t\t\t\t\t<\/div>\n\t\t\t\t<\/div>\n\t\t\t\t\t<\/div>\n\t\t<\/div>\n\t\t\t\t\t<\/div>\n\t\t<\/section>\n\t\t\t\t<section class=\"elementor-section elementor-top-section elementor-element elementor-element-fd2dbe3 elementor-section-boxed elementor-section-height-default elementor-section-height-default\" data-id=\"fd2dbe3\" data-element_type=\"section\" data-e-type=\"section\">\n\t\t\t\t\t\t<div class=\"elementor-container elementor-column-gap-default\">\n\t\t\t\t\t<div class=\"elementor-column elementor-col-100 elementor-top-column elementor-element elementor-element-7070f15\" data-id=\"7070f15\" data-element_type=\"column\" data-e-type=\"column\">\n\t\t\t<div class=\"elementor-widget-wrap elementor-element-populated\">\n\t\t\t\t\t\t<div class=\"elementor-element elementor-element-9512fe7 elementor-widget elementor-widget-image\" data-id=\"9512fe7\" data-element_type=\"widget\" data-e-type=\"widget\" data-widget_type=\"image.default\">\n\t\t\t\t<div class=\"elementor-widget-container\">\n\t\t\t\t\t\t\t\t\t\t\t\t\t\t\t<img decoding=\"async\" width=\"800\" height=\"320\" src=\"https:\/\/www.cloudandheat.com\/wp-content\/uploads\/2023\/08\/Abb_3_PUE_Auslastung-1024x409.png\" class=\"attachment-large size-large wp-image-9499\" alt=\"\" srcset=\"https:\/\/www.cloudandheat.com\/wp-content\/uploads\/2023\/08\/Abb_3_PUE_Auslastung-1024x409.png 1024w, https:\/\/www.cloudandheat.com\/wp-content\/uploads\/2023\/08\/Abb_3_PUE_Auslastung-300x120.png 300w, https:\/\/www.cloudandheat.com\/wp-content\/uploads\/2023\/08\/Abb_3_PUE_Auslastung-768x307.png 768w, https:\/\/www.cloudandheat.com\/wp-content\/uploads\/2023\/08\/Abb_3_PUE_Auslastung-18x7.png 18w, https:\/\/www.cloudandheat.com\/wp-content\/uploads\/2023\/08\/Abb_3_PUE_Auslastung.png 1300w\" sizes=\"(max-width: 800px) 100vw, 800px\" \/>\t\t\t\t\t\t\t\t\t\t\t\t\t\t\t<\/div>\n\t\t\t\t<\/div>\n\t\t\t\t<div class=\"elementor-element elementor-element-91ca141 elementor-widget elementor-widget-text-editor\" data-id=\"91ca141\" data-element_type=\"widget\" data-e-type=\"widget\" data-widget_type=\"text-editor.default\">\n\t\t\t\t<div class=\"elementor-widget-container\">\n\t\t\t\t\t\t\t\t\t<h6>Abbildung 3: Abh\u00e4ngigkeit des PUE von IT-Auslastung in einem Beispielrechenzentrum [<a href=\"#Quellen\">4<\/a>]<\/h6>\t\t\t\t\t\t\t\t<\/div>\n\t\t\t\t<\/div>\n\t\t\t\t\t<\/div>\n\t\t<\/div>\n\t\t\t\t\t<\/div>\n\t\t<\/section>\n\t\t\t\t<section class=\"elementor-section elementor-top-section elementor-element elementor-element-0eba7af elementor-section-boxed elementor-section-height-default elementor-section-height-default\" data-id=\"0eba7af\" data-element_type=\"section\" data-e-type=\"section\">\n\t\t\t\t\t\t<div class=\"elementor-container elementor-column-gap-default\">\n\t\t\t\t\t<div class=\"elementor-column elementor-col-100 elementor-top-column elementor-element elementor-element-ff1f1af\" data-id=\"ff1f1af\" data-element_type=\"column\" data-e-type=\"column\">\n\t\t\t<div class=\"elementor-widget-wrap elementor-element-populated\">\n\t\t\t\t\t\t<div class=\"elementor-element elementor-element-7b1a1e0 elementor-widget elementor-widget-heading\" data-id=\"7b1a1e0\" data-element_type=\"widget\" data-e-type=\"widget\" data-widget_type=\"heading.default\">\n\t\t\t\t<div class=\"elementor-widget-container\">\n\t\t\t\t\t<h2 class=\"elementor-heading-title elementor-size-default\">Ma\u00dfnahme 3: Energiebedarf der K\u00fchlung senken <\/h2>\t\t\t\t<\/div>\n\t\t\t\t<\/div>\n\t\t\t\t<div class=\"elementor-element elementor-element-12081c8 elementor-widget elementor-widget-text-editor\" data-id=\"12081c8\" data-element_type=\"widget\" data-e-type=\"widget\" data-widget_type=\"text-editor.default\">\n\t\t\t\t<div class=\"elementor-widget-container\">\n\t\t\t\t\t\t\t\t\t<p>In deutschen Rechenzentren ist die K\u00fchlinfrastruktur, direkt nach der IT, der Bereich mit dem h\u00f6chsten Energiebedarf [<a href=\"#Quellen\">5<\/a>]. Hauptursache ist ma\u00dfgeblich die weit verbreitete Nutzung von Kompressionsk\u00e4ltemaschinen. Diese werden eingesetzt, um die K\u00fchlung auch bei hohen Au\u00dfentemperaturen sicherzustellen. Ist die Umgebung zu warm, kann die ben\u00f6tigte Zulufttemperatur der Server nicht \u00fcber eine blo\u00dfe K\u00fchlung gegen die Au\u00dfenluft erreicht werden.<\/p>\n<p>Statt das Rechenzentrum in eine klimatisch g\u00fcnstigere Region umzuziehen, sind auch folgende Energiesparma\u00dfnahmen m\u00f6glich:<\/p>\n<h5>a) Alternative K\u00e4lteerzeugung<\/h5>\n<p>Neben der K\u00e4lteerzeugung aus Kompressionsk\u00e4ltemaschinen kann auch auf Verdunstungsk\u00fchlung oder Adsorptions- bzw. Absorptionsk\u00e4ltemaschinen gesetzt werden. Bei ersterem ben\u00f6tigt man Wasser, bei den letzteren beiden W\u00e4rme auf hohem Temperaturniveau. Wenn diese Ressourcen zur Verf\u00fcgung stehen, kann evaluiert werden, ob die Kompressionsk\u00e4lte ersetzt werden kann.<\/p>\n<h5>b) Temperatur des K\u00fchlmediums anheben<\/h5>\n<p>Damit die Serverabw\u00e4rme an die Au\u00dfenluft abgegeben werden kann, muss die Eintrittstemperatur des K\u00fchlmediums je nach K\u00fchlkonzept zum Teil deutlich oberhalb der Au\u00dfenlufttemperatur liegen. Folglich stellt die Erh\u00f6hung der Eintrittstemperatur des K\u00fchlmediums eine M\u00f6glichkeit dar, den Freik\u00fchlanteil zu erh\u00f6hen.<\/p>\n<p>F\u00fcr luftgek\u00fchlte Server bedeutet das, dass f\u00fcr einige Stunden pro Jahr auch Eintrittstemperaturen \u00fcber 30 \u00b0C zugelassen werden. Inwieweit die Spezifikationen der jeweiligen Server dies gestatten, ist aus der entsprechenden ASHRAE-Klasse (nach TC 9.9 Reference Card [<a href=\"#Quellen\">6<\/a>]) ersichtlich. Je nach Einstufung k\u00f6nnen Server dabei bis 32 \u00b0C (A1), 35 \u00b0C (A2), 40\u00b0C (A3) oder sogar bis 45 \u00b0C (A4) betrieben werden. Inwieweit der Anteil der Kompressionsk\u00e4lte reduziert bzw. der Freik\u00fchlanteil durch eine Anhebung der maximalen Servereintrittstemperatur von 27 \u00b0C auf 35 \u00b0C (A2) gesteigert werden kann, verdeutlicht beispielhaft Abbildung 4. Mit einer Erh\u00f6hung der Server-Eintrittstemperartur von 27 \u00b0C auf 35 \u00b0C kann man f\u00fcr ein Beispielrechenzentrum am Standort Dresden die Laufzeit der Kompressionsk\u00e4ltemaschine von 2100 auf 300 Stunden\/Jahr reduzieren. Die Reduktion der Betriebsstunden spiegelt sich direkt in einer Reduktion der strompreisabh\u00e4ngigen Betriebskosten wieder und stellt somit eine relevante Einflussgr\u00f6\u00dfe dar.<br>Als gegenl\u00e4ufiger Effekt resultiert der Anstieg der Eintrittstemperatur bei Servern zu einem moderat erh\u00f6hten elektrischen Energiebedarf.<br>Das bedeutet, dass auch, wenn in der Regel mit dieser Ma\u00dfnahme eine energetische Verbesserung erzielt werden kann, stets zu pr\u00fcfen ist, ob dieser Effekt die Einsparung im K\u00fchlsystem nicht \u00fcbersteigt.<\/p>\t\t\t\t\t\t\t\t<\/div>\n\t\t\t\t<\/div>\n\t\t\t\t\t<\/div>\n\t\t<\/div>\n\t\t\t\t\t<\/div>\n\t\t<\/section>\n\t\t\t\t<section class=\"elementor-section elementor-top-section elementor-element elementor-element-33a2c39 elementor-section-boxed elementor-section-height-default elementor-section-height-default\" data-id=\"33a2c39\" data-element_type=\"section\" data-e-type=\"section\">\n\t\t\t\t\t\t<div class=\"elementor-container elementor-column-gap-default\">\n\t\t\t\t\t<div class=\"elementor-column elementor-col-100 elementor-top-column elementor-element elementor-element-ffaba83\" data-id=\"ffaba83\" data-element_type=\"column\" data-e-type=\"column\">\n\t\t\t<div class=\"elementor-widget-wrap elementor-element-populated\">\n\t\t\t\t\t\t<div class=\"elementor-element elementor-element-fad0d84 elementor-widget elementor-widget-image\" data-id=\"fad0d84\" data-element_type=\"widget\" data-e-type=\"widget\" data-widget_type=\"image.default\">\n\t\t\t\t<div class=\"elementor-widget-container\">\n\t\t\t\t\t\t\t\t\t\t\t\t\t\t\t<img loading=\"lazy\" decoding=\"async\" width=\"800\" height=\"507\" src=\"https:\/\/www.cloudandheat.com\/wp-content\/uploads\/2023\/08\/Abb_4_Temperaturverteilung_Dresden.png\" class=\"attachment-large size-large wp-image-9501\" alt=\"\" srcset=\"https:\/\/www.cloudandheat.com\/wp-content\/uploads\/2023\/08\/Abb_4_Temperaturverteilung_Dresden.png 905w, https:\/\/www.cloudandheat.com\/wp-content\/uploads\/2023\/08\/Abb_4_Temperaturverteilung_Dresden-300x190.png 300w, https:\/\/www.cloudandheat.com\/wp-content\/uploads\/2023\/08\/Abb_4_Temperaturverteilung_Dresden-768x486.png 768w, https:\/\/www.cloudandheat.com\/wp-content\/uploads\/2023\/08\/Abb_4_Temperaturverteilung_Dresden-18x12.png 18w\" sizes=\"(max-width: 800px) 100vw, 800px\" \/>\t\t\t\t\t\t\t\t\t\t\t\t\t\t\t<\/div>\n\t\t\t\t<\/div>\n\t\t\t\t<div class=\"elementor-element elementor-element-d711290 elementor-widget elementor-widget-text-editor\" data-id=\"d711290\" data-element_type=\"widget\" data-e-type=\"widget\" data-widget_type=\"text-editor.default\">\n\t\t\t\t<div class=\"elementor-widget-container\">\n\t\t\t\t\t\t\t\t\t<h6>Abbildung 4: Erh\u00f6hung des Freik\u00fchlanteils durch h\u00f6here Servereintrittstemperaturen am Standort Dresden (ohne Verdunstungsk\u00fchlung)<\/h6>\t\t\t\t\t\t\t\t<\/div>\n\t\t\t\t<\/div>\n\t\t\t\t\t<\/div>\n\t\t<\/div>\n\t\t\t\t\t<\/div>\n\t\t<\/section>\n\t\t\t\t<section class=\"elementor-section elementor-top-section elementor-element elementor-element-89aabb2 elementor-section-boxed elementor-section-height-default elementor-section-height-default\" data-id=\"89aabb2\" data-element_type=\"section\" data-e-type=\"section\">\n\t\t\t\t\t\t<div class=\"elementor-container elementor-column-gap-default\">\n\t\t\t\t\t<div class=\"elementor-column elementor-col-100 elementor-top-column elementor-element elementor-element-8fbf9a3\" data-id=\"8fbf9a3\" data-element_type=\"column\" data-e-type=\"column\">\n\t\t\t<div class=\"elementor-widget-wrap elementor-element-populated\">\n\t\t\t\t\t\t<div class=\"elementor-element elementor-element-e28a305 elementor-widget elementor-widget-text-editor\" data-id=\"e28a305\" data-element_type=\"widget\" data-e-type=\"widget\" data-widget_type=\"text-editor.default\">\n\t\t\t\t<div class=\"elementor-widget-container\">\n\t\t\t\t\t\t\t\t\t<p>Eine weitere M\u00f6glichkeit, um die Temperatur anzuheben, ist der Einsatz von Servern mit Fl\u00fcssigkeitsk\u00fchlung. Durch die h\u00f6here Dichte und W\u00e4rmespeicherkapazit\u00e4t k\u00f6nnen Server effizienter gek\u00fchlt werden. Im Vergleich zur Luftk\u00fchlung erlaubt dies bei gleichbleibendem K\u00fchleffekt eine Ann\u00e4herung der Temperatur des K\u00fchlmediums (Fl\u00fcssigkeit) an die Chiptemperatur (vgl. Abbildung 5). <br \/>Dabei gestatten heutige Server oftmals Fl\u00fcssigkeitseintrittstemperaturen von \u00fcber 50 \u00b0C, wodurch sich die K\u00fchlung ohne Kompressionsk\u00e4lte f\u00fcr Au\u00dfentemperaturen von bis zu 45 \u00b0C problemlos realisieren l\u00e4sst. Alternativ steigt damit auch die Wahrscheinlichkeit, eine geeignete W\u00e4rmesenke f\u00fcr die Abw\u00e4rmenutzung zu finden (siehe Punkt c).<\/p>\t\t\t\t\t\t\t\t<\/div>\n\t\t\t\t<\/div>\n\t\t\t\t\t<\/div>\n\t\t<\/div>\n\t\t\t\t\t<\/div>\n\t\t<\/section>\n\t\t\t\t<section class=\"elementor-section elementor-top-section elementor-element elementor-element-add5133 elementor-section-boxed elementor-section-height-default elementor-section-height-default\" data-id=\"add5133\" data-element_type=\"section\" data-e-type=\"section\">\n\t\t\t\t\t\t<div class=\"elementor-container elementor-column-gap-default\">\n\t\t\t\t\t<div class=\"elementor-column elementor-col-100 elementor-top-column elementor-element elementor-element-095715c\" data-id=\"095715c\" data-element_type=\"column\" data-e-type=\"column\">\n\t\t\t<div class=\"elementor-widget-wrap elementor-element-populated\">\n\t\t\t\t\t\t<div class=\"elementor-element elementor-element-ee5f862 elementor-widget elementor-widget-image\" data-id=\"ee5f862\" data-element_type=\"widget\" data-e-type=\"widget\" data-widget_type=\"image.default\">\n\t\t\t\t<div class=\"elementor-widget-container\">\n\t\t\t\t\t\t\t\t\t\t\t\t\t\t\t<img loading=\"lazy\" decoding=\"async\" width=\"800\" height=\"380\" src=\"https:\/\/www.cloudandheat.com\/wp-content\/uploads\/2023\/08\/Abb_5_Kuehlmethode_Temperatur-1024x487.png\" class=\"attachment-large size-large wp-image-9502\" alt=\"\" srcset=\"https:\/\/www.cloudandheat.com\/wp-content\/uploads\/2023\/08\/Abb_5_Kuehlmethode_Temperatur-1024x487.png 1024w, https:\/\/www.cloudandheat.com\/wp-content\/uploads\/2023\/08\/Abb_5_Kuehlmethode_Temperatur-300x143.png 300w, https:\/\/www.cloudandheat.com\/wp-content\/uploads\/2023\/08\/Abb_5_Kuehlmethode_Temperatur-768x365.png 768w, https:\/\/www.cloudandheat.com\/wp-content\/uploads\/2023\/08\/Abb_5_Kuehlmethode_Temperatur-18x9.png 18w, https:\/\/www.cloudandheat.com\/wp-content\/uploads\/2023\/08\/Abb_5_Kuehlmethode_Temperatur.png 1247w\" sizes=\"(max-width: 800px) 100vw, 800px\" \/>\t\t\t\t\t\t\t\t\t\t\t\t\t\t\t<\/div>\n\t\t\t\t<\/div>\n\t\t\t\t<div class=\"elementor-element elementor-element-47c5cec elementor-widget elementor-widget-text-editor\" data-id=\"47c5cec\" data-element_type=\"widget\" data-e-type=\"widget\" data-widget_type=\"text-editor.default\">\n\t\t\t\t<div class=\"elementor-widget-container\">\n\t\t\t\t\t\t\t\t\t<p>Abbildung 5: Freik\u00fchlpotential von indirekter und direkter Fl\u00fcssigkeits- sowie Luftk\u00fchlung im Vergleich<\/p>\t\t\t\t\t\t\t\t<\/div>\n\t\t\t\t<\/div>\n\t\t\t\t\t<\/div>\n\t\t<\/div>\n\t\t\t\t\t<\/div>\n\t\t<\/section>\n\t\t\t\t<section class=\"elementor-section elementor-top-section elementor-element elementor-element-a384b03 elementor-section-boxed elementor-section-height-default elementor-section-height-default\" data-id=\"a384b03\" data-element_type=\"section\" data-e-type=\"section\">\n\t\t\t\t\t\t<div class=\"elementor-container elementor-column-gap-default\">\n\t\t\t\t\t<div class=\"elementor-column elementor-col-100 elementor-top-column elementor-element elementor-element-d58bce9\" data-id=\"d58bce9\" data-element_type=\"column\" data-e-type=\"column\">\n\t\t\t<div class=\"elementor-widget-wrap elementor-element-populated\">\n\t\t\t\t\t\t<div class=\"elementor-element elementor-element-5ae904a elementor-widget elementor-widget-text-editor\" data-id=\"5ae904a\" data-element_type=\"widget\" data-e-type=\"widget\" data-widget_type=\"text-editor.default\">\n\t\t\t\t<div class=\"elementor-widget-container\">\n\t\t\t\t\t\t\t\t\t<h5>c) Alternative W\u00e4rmesenke<\/h5><p>Zur Vermeidung von Kompressionsk\u00e4lte stellt die Verwendung einer alternativen W\u00e4rmesenke eine weitere Option dar. Anders als die Au\u00dfenluft sollte diese ganzj\u00e4hrig niedrigeren Temperaturen als das K\u00fchlmedium aufweisen. Unter Beachtung \u00f6rtlicher Umweltauflagen kommen daf\u00fcr beispielsweise Grund- oder Flusswasser in Frage. Noch vorteilhafter ist die Einspeisung in ein lokales oder dezentrales W\u00e4rmenetz, das ganzj\u00e4hrig W\u00e4rme aufnimmt. In diesem Fall kann die Abw\u00e4rme sogar noch sinnvoll weiterverwendet werden.<\/p><p>\u00a0<\/p>\t\t\t\t\t\t\t\t<\/div>\n\t\t\t\t<\/div>\n\t\t\t\t\t<\/div>\n\t\t<\/div>\n\t\t\t\t\t<\/div>\n\t\t<\/section>\n\t\t\t\t<section class=\"elementor-section elementor-top-section elementor-element elementor-element-651e577 elementor-section-boxed elementor-section-height-default elementor-section-height-default\" data-id=\"651e577\" data-element_type=\"section\" data-e-type=\"section\">\n\t\t\t\t\t\t<div class=\"elementor-container elementor-column-gap-default\">\n\t\t\t\t\t<div class=\"elementor-column elementor-col-100 elementor-top-column elementor-element elementor-element-7acb88c\" data-id=\"7acb88c\" data-element_type=\"column\" data-e-type=\"column\">\n\t\t\t<div class=\"elementor-widget-wrap elementor-element-populated\">\n\t\t\t\t\t\t<div class=\"elementor-element elementor-element-604f9ff elementor-widget elementor-widget-heading\" data-id=\"604f9ff\" data-element_type=\"widget\" data-e-type=\"widget\" data-widget_type=\"heading.default\">\n\t\t\t\t<div class=\"elementor-widget-container\">\n\t\t\t\t\t<h2 class=\"elementor-heading-title elementor-size-default\">Fazit<\/h2>\t\t\t\t<\/div>\n\t\t\t\t<\/div>\n\t\t\t\t<div class=\"elementor-element elementor-element-c249059 elementor-widget elementor-widget-text-editor\" data-id=\"c249059\" data-element_type=\"widget\" data-e-type=\"widget\" data-widget_type=\"text-editor.default\">\n\t\t\t\t<div class=\"elementor-widget-container\">\n\t\t\t\t\t\t\t\t\t<p>Die vorgestellten Ma\u00dfnahmen erm\u00f6glichen bereits eine erste signifikante Steigerung der Energieeffizienz eines Rechenzentrums und zeigen ferne monet\u00e4re Einsparpotentiale auf. Die interdisziplin\u00e4re Komplexit\u00e4t einer kontinuierlichen Optimierung der Energieeffizienz von Rechenzentren sollte dabei jedoch nicht untersch\u00e4tzt werden.<\/p><p>Mit seinen Expertinnen und Experten unterst\u00fctzt Cloud&amp;Heat Interessierte in Form individueller Beratung sowie durch Machbarkeitsstudien und <a href=\"https:\/\/www.cloudandheat.com\/energieeffizienz-schulungen\/\" target=\"_blank\" rel=\"noopener\">Schulungen<\/a> zum Thema Energieeffizienz im Rechenzentrum.<\/p>\t\t\t\t\t\t\t\t<\/div>\n\t\t\t\t<\/div>\n\t\t\t\t\t<\/div>\n\t\t<\/div>\n\t\t\t\t\t<\/div>\n\t\t<\/section>\n\t\t\t\t<section class=\"elementor-section elementor-top-section elementor-element elementor-element-873bec3 elementor-section-boxed elementor-section-height-default elementor-section-height-default\" data-id=\"873bec3\" data-element_type=\"section\" data-e-type=\"section\">\n\t\t\t\t\t\t<div class=\"elementor-container elementor-column-gap-default\">\n\t\t\t\t\t<div class=\"elementor-column elementor-col-100 elementor-top-column elementor-element elementor-element-8326bd4\" data-id=\"8326bd4\" data-element_type=\"column\" data-e-type=\"column\">\n\t\t\t<div class=\"elementor-widget-wrap elementor-element-populated\">\n\t\t\t\t\t\t<div class=\"elementor-element elementor-element-5820252 elementor-widget elementor-widget-menu-anchor\" data-id=\"5820252\" data-element_type=\"widget\" data-e-type=\"widget\" data-widget_type=\"menu-anchor.default\">\n\t\t\t\t<div class=\"elementor-widget-container\">\n\t\t\t\t\t\t\t<div class=\"elementor-menu-anchor\" id=\"Quellen\"><\/div>\n\t\t\t\t\t\t<\/div>\n\t\t\t\t<\/div>\n\t\t\t\t<div class=\"elementor-element elementor-element-15f4305 elementor-widget elementor-widget-heading\" data-id=\"15f4305\" data-element_type=\"widget\" data-e-type=\"widget\" data-widget_type=\"heading.default\">\n\t\t\t\t<div class=\"elementor-widget-container\">\n\t\t\t\t\t<h2 class=\"elementor-heading-title elementor-size-default\">Quellen<\/h2>\t\t\t\t<\/div>\n\t\t\t\t<\/div>\n\t\t\t\t<div class=\"elementor-element elementor-element-2d8695c elementor-widget elementor-widget-text-editor\" data-id=\"2d8695c\" data-element_type=\"widget\" data-e-type=\"widget\" data-widget_type=\"text-editor.default\">\n\t\t\t\t<div class=\"elementor-widget-container\">\n\t\t\t\t\t\t\t\t\t<p>[1] https:\/\/www.handelsblatt.com\/politik\/deutschland\/klimapolitik-deutschland-duerfte-seine-klimaziele-2030-und-2045-verfehlen\/29273700.html<br \/>[2] https:\/\/www.deutschlandfunk.de\/stromverbrauch-digitalisierung-internet-bitcoin-rechenzentren-abwaerme-100.html<br \/>[3] https:\/\/www.wired.com\/2012\/10\/data-center-servers\/<br \/>[4] https:\/\/www.se.com\/ww\/en\/work\/solutions\/system\/s1\/data-center-and-network-systems\/trade-off-tools\/data-center-efficiency-and-pue-calculator\/<br \/>[5] Hintemann, R. &amp; Hinterholzer, S. (2023), \u201eRechenzentren 2022: Steigender Energie- und Ressourcenbedarf der Rechenzentrumsbranche\u201c, Berlin, Borderstep Institut.<br \/>[6] ASHRAE (2021), \u201eThermal Guidelines for Data Processing Environments, Fifth Ed.\u201c<\/p>\t\t\t\t\t\t\t\t<\/div>\n\t\t\t\t<\/div>\n\t\t\t\t<div class=\"elementor-element elementor-element-105470e elementor--h-position-left cah-swiper elementor--v-position-middle elementor-arrows-position-inside elementor-pagination-position-inside elementor-widget elementor-widget-slides\" data-id=\"105470e\" data-element_type=\"widget\" data-e-type=\"widget\" data-settings=\"{&quot;navigation&quot;:&quot;both&quot;,&quot;autoplay&quot;:&quot;yes&quot;,&quot;pause_on_hover&quot;:&quot;yes&quot;,&quot;pause_on_interaction&quot;:&quot;yes&quot;,&quot;autoplay_speed&quot;:5000,&quot;infinite&quot;:&quot;yes&quot;,&quot;transition&quot;:&quot;slide&quot;,&quot;transition_speed&quot;:500}\" data-widget_type=\"slides.default\">\n\t\t\t\t<div class=\"elementor-widget-container\">\n\t\t\t\t\t\t\t\t\t<div class=\"elementor-swiper\">\n\t\t\t\t\t<div class=\"elementor-slides-wrapper elementor-main-swiper swiper\" role=\"region\" aria-roledescription=\"carousel\" aria-label=\"Slides\" dir=\"ltr\" data-animation=\"fadeInUp\">\n\t\t\t\t<div class=\"swiper-wrapper elementor-slides\">\n\t\t\t\t\t\t\t\t\t\t<div class=\"elementor-repeater-item-3c93762 swiper-slide\" role=\"group\" aria-roledescription=\"slide\"><div class=\"swiper-slide-bg\" role=\"img\" aria-label=\"Energieeffizienz-Schulung, Workshop, Webinar, Rechenzentrum ganzheitlich energetisch optimieren, Abw\u00e4rmenutzung von Rechenzentren nutzen\"><\/div><div class=\"elementor-background-overlay\"><\/div><a class=\"swiper-slide-inner\" href=\"https:\/\/www.cloudandheat.com\/energieeffizienz-schulungen\/\"><div class=\"swiper-slide-contents\"><div class=\"elementor-slide-heading\">Sie haben Interesse an Schulungen  zum Thema \"Energieeffizienz im Rechenzentrum\"?<\/div><div  class=\"elementor-button elementor-slide-button elementor-size-sm\">Zum Schulungsangebot<\/div><\/div><\/a><\/div>\t\t\t\t<\/div>\n\t\t\t\t\t\t\t<\/div>\n\t\t\t\t<\/div>\n\t\t\t\t\t\t\t\t<\/div>\n\t\t\t\t<\/div>\n\t\t\t\t\t<\/div>\n\t\t<\/div>\n\t\t\t\t\t<\/div>\n\t\t<\/section>\n\t\t\t\t<\/div>\n\t\t","protected":false},"excerpt":{"rendered":"<p>It is worthwhile in many respects to optimise the energy efficiency of your data centres. Against this backdrop, we present 3 basic measures that can be used to increase the efficiency of data centres<\/p>","protected":false},"author":6,"featured_media":9536,"comment_status":"closed","ping_status":"open","sticky":false,"template":"","format":"standard","meta":{"_acf_changed":false,"_relevanssi_hide_post":"","_relevanssi_hide_content":"","_relevanssi_pin_for_all":"","_relevanssi_pin_keywords":"","_relevanssi_unpin_keywords":"","_relevanssi_related_keywords":"","_relevanssi_related_include_ids":"","_relevanssi_related_exclude_ids":"","_relevanssi_related_no_append":"","_relevanssi_related_not_related":"","_relevanssi_related_posts":"5307,5282,5377,5211,5368,5236","_relevanssi_noindex_reason":"","inline_featured_image":false,"footnotes":""},"categories":[83,84,1,26],"tags":[],"class_list":["post-9486","post","type-post","status-publish","format-standard","has-post-thumbnail","hentry","category-cloud-services","category-digitale-infrastrukturen","category-iaas","category-kubernetes"],"acf":[],"yoast_head":"<!-- This site is optimized with the Yoast SEO plugin v27.0 - https:\/\/yoast.com\/product\/yoast-seo-wordpress\/ -->\n<title>Stellgr\u00f6\u00dfen der Energieeffizienzoptimierung von Rechenzentren<\/title>\n<meta name=\"description\" content=\"Cloud&amp;Heat | Blog | Stellgr\u00f6\u00dfen der Energieeffizienzoptimierung von Rechenzentren | Senkung Energiebedarfes | Optimiierung Betrieb | Effiziente Komponenten\" \/>\n<meta name=\"robots\" content=\"index, follow, max-snippet:-1, max-image-preview:large, max-video-preview:-1\" \/>\n<link rel=\"canonical\" href=\"https:\/\/www.cloudandheat.com\/en\/energy-efficiency-optimisation-of-data-centres\/\" \/>\n<meta property=\"og:locale\" content=\"en_GB\" \/>\n<meta property=\"og:type\" content=\"article\" \/>\n<meta property=\"og:title\" content=\"Stellgr\u00f6\u00dfen der Energieeffizienzoptimierung von Rechenzentren\" \/>\n<meta property=\"og:description\" content=\"Cloud&amp;Heat | Blog | Stellgr\u00f6\u00dfen der Energieeffizienzoptimierung von Rechenzentren | Senkung Energiebedarfes | Optimiierung Betrieb | Effiziente Komponenten\" \/>\n<meta property=\"og:url\" content=\"https:\/\/www.cloudandheat.com\/en\/energy-efficiency-optimisation-of-data-centres\/\" \/>\n<meta property=\"og:site_name\" content=\"Cloud &amp; Heat\" \/>\n<meta property=\"article:publisher\" content=\"https:\/\/www.facebook.com\/CloudandHeat\" \/>\n<meta property=\"article:published_time\" content=\"2023-08-15T08:27:04+00:00\" \/>\n<meta property=\"article:modified_time\" content=\"2023-08-22T11:38:07+00:00\" \/>\n<meta property=\"og:image\" content=\"https:\/\/www.cloudandheat.com\/wp-content\/uploads\/2023\/08\/2023-Cloud-and-Heat-Energieeffizienz-Rechenzentren-Header-1.png\" \/>\n\t<meta property=\"og:image:width\" content=\"2292\" \/>\n\t<meta property=\"og:image:height\" content=\"1313\" \/>\n\t<meta property=\"og:image:type\" content=\"image\/png\" \/>\n<meta name=\"author\" content=\"Sarah G\u00fcnther\" \/>\n<meta name=\"twitter:card\" content=\"summary_large_image\" \/>\n<meta name=\"twitter:creator\" content=\"@cloudandheat\" \/>\n<meta name=\"twitter:site\" content=\"@cloudandheat\" \/>\n<meta name=\"twitter:label1\" content=\"Written by\" \/>\n\t<meta name=\"twitter:data1\" content=\"Sarah G\u00fcnther\" \/>\n<script type=\"application\/ld+json\" class=\"yoast-schema-graph\">{\"@context\":\"https:\/\/schema.org\",\"@graph\":[{\"@type\":\"Article\",\"@id\":\"https:\/\/www.cloudandheat.com\/stellgroessen-der-energieeffizienzoptimierung-von-rechenzentren\/#article\",\"isPartOf\":{\"@id\":\"https:\/\/www.cloudandheat.com\/stellgroessen-der-energieeffizienzoptimierung-von-rechenzentren\/\"},\"author\":{\"name\":\"Sarah G\u00fcnther\",\"@id\":\"https:\/\/www.cloudandheat.com\/#\/schema\/person\/9d8e9e381c26ef3fdd6ce0de09e486a4\"},\"headline\":\"Stellgr\u00f6\u00dfen der Energieeffizienzoptimierung von Rechenzentren\",\"datePublished\":\"2023-08-15T08:27:04+00:00\",\"dateModified\":\"2023-08-22T11:38:07+00:00\",\"mainEntityOfPage\":{\"@id\":\"https:\/\/www.cloudandheat.com\/stellgroessen-der-energieeffizienzoptimierung-von-rechenzentren\/\"},\"wordCount\":1237,\"publisher\":{\"@id\":\"https:\/\/www.cloudandheat.com\/#organization\"},\"image\":{\"@id\":\"https:\/\/www.cloudandheat.com\/stellgroessen-der-energieeffizienzoptimierung-von-rechenzentren\/#primaryimage\"},\"thumbnailUrl\":\"https:\/\/www.cloudandheat.com\/wp-content\/uploads\/2023\/08\/2023-Cloud-and-Heat-Energieeffizienz-Rechenzentren-Header-1.png\",\"articleSection\":[\"Cloud Services\",\"Digitale Infrastrukturen\",\"IaaS\",\"Kubernetes\"],\"inLanguage\":\"en-GB\"},{\"@type\":\"WebPage\",\"@id\":\"https:\/\/www.cloudandheat.com\/stellgroessen-der-energieeffizienzoptimierung-von-rechenzentren\/\",\"url\":\"https:\/\/www.cloudandheat.com\/stellgroessen-der-energieeffizienzoptimierung-von-rechenzentren\/\",\"name\":\"Stellgr\u00f6\u00dfen der Energieeffizienzoptimierung von Rechenzentren\",\"isPartOf\":{\"@id\":\"https:\/\/www.cloudandheat.com\/#website\"},\"primaryImageOfPage\":{\"@id\":\"https:\/\/www.cloudandheat.com\/stellgroessen-der-energieeffizienzoptimierung-von-rechenzentren\/#primaryimage\"},\"image\":{\"@id\":\"https:\/\/www.cloudandheat.com\/stellgroessen-der-energieeffizienzoptimierung-von-rechenzentren\/#primaryimage\"},\"thumbnailUrl\":\"https:\/\/www.cloudandheat.com\/wp-content\/uploads\/2023\/08\/2023-Cloud-and-Heat-Energieeffizienz-Rechenzentren-Header-1.png\",\"datePublished\":\"2023-08-15T08:27:04+00:00\",\"dateModified\":\"2023-08-22T11:38:07+00:00\",\"description\":\"Cloud&Heat | Blog | Stellgr\u00f6\u00dfen der Energieeffizienzoptimierung von Rechenzentren | Senkung Energiebedarfes | Optimiierung Betrieb | Effiziente Komponenten\",\"breadcrumb\":{\"@id\":\"https:\/\/www.cloudandheat.com\/stellgroessen-der-energieeffizienzoptimierung-von-rechenzentren\/#breadcrumb\"},\"inLanguage\":\"en-GB\",\"potentialAction\":[{\"@type\":\"ReadAction\",\"target\":[\"https:\/\/www.cloudandheat.com\/stellgroessen-der-energieeffizienzoptimierung-von-rechenzentren\/\"]}]},{\"@type\":\"ImageObject\",\"inLanguage\":\"en-GB\",\"@id\":\"https:\/\/www.cloudandheat.com\/stellgroessen-der-energieeffizienzoptimierung-von-rechenzentren\/#primaryimage\",\"url\":\"https:\/\/www.cloudandheat.com\/wp-content\/uploads\/2023\/08\/2023-Cloud-and-Heat-Energieeffizienz-Rechenzentren-Header-1.png\",\"contentUrl\":\"https:\/\/www.cloudandheat.com\/wp-content\/uploads\/2023\/08\/2023-Cloud-and-Heat-Energieeffizienz-Rechenzentren-Header-1.png\",\"width\":2292,\"height\":1313},{\"@type\":\"BreadcrumbList\",\"@id\":\"https:\/\/www.cloudandheat.com\/stellgroessen-der-energieeffizienzoptimierung-von-rechenzentren\/#breadcrumb\",\"itemListElement\":[{\"@type\":\"ListItem\",\"position\":1,\"name\":\"Startseite\",\"item\":\"https:\/\/www.cloudandheat.com\/\"},{\"@type\":\"ListItem\",\"position\":2,\"name\":\"Stellgr\u00f6\u00dfen der Energieeffizienzoptimierung von Rechenzentren\"}]},{\"@type\":\"WebSite\",\"@id\":\"https:\/\/www.cloudandheat.com\/#website\",\"url\":\"https:\/\/www.cloudandheat.com\/\",\"name\":\"Cloud & Heat Technolgies GmbH\",\"description\":\"Cloud-Service- und Cloud-Technologie-Provider\",\"publisher\":{\"@id\":\"https:\/\/www.cloudandheat.com\/#organization\"},\"alternateName\":\"Cloud and Heat Technologies GmbH\",\"potentialAction\":[{\"@type\":\"SearchAction\",\"target\":{\"@type\":\"EntryPoint\",\"urlTemplate\":\"https:\/\/www.cloudandheat.com\/?s={search_term_string}\"},\"query-input\":{\"@type\":\"PropertyValueSpecification\",\"valueRequired\":true,\"valueName\":\"search_term_string\"}}],\"inLanguage\":\"en-GB\"},{\"@type\":\"Organization\",\"@id\":\"https:\/\/www.cloudandheat.com\/#organization\",\"name\":\"Cloud&Heat Technologies GmbH\",\"url\":\"https:\/\/www.cloudandheat.com\/\",\"logo\":{\"@type\":\"ImageObject\",\"inLanguage\":\"en-GB\",\"@id\":\"https:\/\/www.cloudandheat.com\/#\/schema\/logo\/image\/\",\"url\":\"https:\/\/www.cloudandheat.com\/wp-content\/uploads\/2022\/08\/logo.svg\",\"contentUrl\":\"https:\/\/www.cloudandheat.com\/wp-content\/uploads\/2022\/08\/logo.svg\",\"width\":907,\"height\":1782,\"caption\":\"Cloud&Heat Technologies GmbH\"},\"image\":{\"@id\":\"https:\/\/www.cloudandheat.com\/#\/schema\/logo\/image\/\"},\"sameAs\":[\"https:\/\/www.facebook.com\/CloudandHeat\",\"https:\/\/x.com\/cloudandheat\"]},{\"@type\":\"Person\",\"@id\":\"https:\/\/www.cloudandheat.com\/#\/schema\/person\/9d8e9e381c26ef3fdd6ce0de09e486a4\",\"name\":\"Sarah G\u00fcnther\",\"image\":{\"@type\":\"ImageObject\",\"inLanguage\":\"en-GB\",\"@id\":\"https:\/\/www.cloudandheat.com\/#\/schema\/person\/image\/\",\"url\":\"https:\/\/secure.gravatar.com\/avatar\/d67ec01cd9ca6c373f3ee8f6c10643ab8a25bae512dfa346ec40d4714ea81132?s=96&d=mm&r=g\",\"contentUrl\":\"https:\/\/secure.gravatar.com\/avatar\/d67ec01cd9ca6c373f3ee8f6c10643ab8a25bae512dfa346ec40d4714ea81132?s=96&d=mm&r=g\",\"caption\":\"Sarah G\u00fcnther\"}}]}<\/script>\n<!-- \/ Yoast SEO plugin. -->","yoast_head_json":{"title":"Parameters for optimising the energy efficiency of data centres","description":"Cloud&amp;Heat | Blog | Parameters for optimising the energy efficiency of data centres | Reducing energy requirements | Optimising operation | Efficient components","robots":{"index":"index","follow":"follow","max-snippet":"max-snippet:-1","max-image-preview":"max-image-preview:large","max-video-preview":"max-video-preview:-1"},"canonical":"https:\/\/www.cloudandheat.com\/en\/energy-efficiency-optimisation-of-data-centres\/","og_locale":"en_GB","og_type":"article","og_title":"Stellgr\u00f6\u00dfen der Energieeffizienzoptimierung von Rechenzentren","og_description":"Cloud&Heat | Blog | Stellgr\u00f6\u00dfen der Energieeffizienzoptimierung von Rechenzentren | Senkung Energiebedarfes | Optimiierung Betrieb | Effiziente Komponenten","og_url":"https:\/\/www.cloudandheat.com\/en\/energy-efficiency-optimisation-of-data-centres\/","og_site_name":"Cloud &amp; Heat","article_publisher":"https:\/\/www.facebook.com\/CloudandHeat","article_published_time":"2023-08-15T08:27:04+00:00","article_modified_time":"2023-08-22T11:38:07+00:00","og_image":[{"width":2292,"height":1313,"url":"https:\/\/www.cloudandheat.com\/wp-content\/uploads\/2023\/08\/2023-Cloud-and-Heat-Energieeffizienz-Rechenzentren-Header-1.png","type":"image\/png"}],"author":"Sarah G\u00fcnther","twitter_card":"summary_large_image","twitter_creator":"@cloudandheat","twitter_site":"@cloudandheat","twitter_misc":{"Written by":"Sarah G\u00fcnther"},"schema":{"@context":"https:\/\/schema.org","@graph":[{"@type":"Article","@id":"https:\/\/www.cloudandheat.com\/stellgroessen-der-energieeffizienzoptimierung-von-rechenzentren\/#article","isPartOf":{"@id":"https:\/\/www.cloudandheat.com\/stellgroessen-der-energieeffizienzoptimierung-von-rechenzentren\/"},"author":{"name":"Sarah G\u00fcnther","@id":"https:\/\/www.cloudandheat.com\/#\/schema\/person\/9d8e9e381c26ef3fdd6ce0de09e486a4"},"headline":"Stellgr\u00f6\u00dfen der Energieeffizienzoptimierung von Rechenzentren","datePublished":"2023-08-15T08:27:04+00:00","dateModified":"2023-08-22T11:38:07+00:00","mainEntityOfPage":{"@id":"https:\/\/www.cloudandheat.com\/stellgroessen-der-energieeffizienzoptimierung-von-rechenzentren\/"},"wordCount":1237,"publisher":{"@id":"https:\/\/www.cloudandheat.com\/#organization"},"image":{"@id":"https:\/\/www.cloudandheat.com\/stellgroessen-der-energieeffizienzoptimierung-von-rechenzentren\/#primaryimage"},"thumbnailUrl":"https:\/\/www.cloudandheat.com\/wp-content\/uploads\/2023\/08\/2023-Cloud-and-Heat-Energieeffizienz-Rechenzentren-Header-1.png","articleSection":["Cloud Services","Digitale Infrastrukturen","IaaS","Kubernetes"],"inLanguage":"en-GB"},{"@type":"WebPage","@id":"https:\/\/www.cloudandheat.com\/stellgroessen-der-energieeffizienzoptimierung-von-rechenzentren\/","url":"https:\/\/www.cloudandheat.com\/stellgroessen-der-energieeffizienzoptimierung-von-rechenzentren\/","name":"Parameters for optimising the energy efficiency of data centres","isPartOf":{"@id":"https:\/\/www.cloudandheat.com\/#website"},"primaryImageOfPage":{"@id":"https:\/\/www.cloudandheat.com\/stellgroessen-der-energieeffizienzoptimierung-von-rechenzentren\/#primaryimage"},"image":{"@id":"https:\/\/www.cloudandheat.com\/stellgroessen-der-energieeffizienzoptimierung-von-rechenzentren\/#primaryimage"},"thumbnailUrl":"https:\/\/www.cloudandheat.com\/wp-content\/uploads\/2023\/08\/2023-Cloud-and-Heat-Energieeffizienz-Rechenzentren-Header-1.png","datePublished":"2023-08-15T08:27:04+00:00","dateModified":"2023-08-22T11:38:07+00:00","description":"Cloud&amp;Heat | Blog | Parameters for optimising the energy efficiency of data centres | Reducing energy requirements | Optimising operation | Efficient components","breadcrumb":{"@id":"https:\/\/www.cloudandheat.com\/stellgroessen-der-energieeffizienzoptimierung-von-rechenzentren\/#breadcrumb"},"inLanguage":"en-GB","potentialAction":[{"@type":"ReadAction","target":["https:\/\/www.cloudandheat.com\/stellgroessen-der-energieeffizienzoptimierung-von-rechenzentren\/"]}]},{"@type":"ImageObject","inLanguage":"en-GB","@id":"https:\/\/www.cloudandheat.com\/stellgroessen-der-energieeffizienzoptimierung-von-rechenzentren\/#primaryimage","url":"https:\/\/www.cloudandheat.com\/wp-content\/uploads\/2023\/08\/2023-Cloud-and-Heat-Energieeffizienz-Rechenzentren-Header-1.png","contentUrl":"https:\/\/www.cloudandheat.com\/wp-content\/uploads\/2023\/08\/2023-Cloud-and-Heat-Energieeffizienz-Rechenzentren-Header-1.png","width":2292,"height":1313},{"@type":"BreadcrumbList","@id":"https:\/\/www.cloudandheat.com\/stellgroessen-der-energieeffizienzoptimierung-von-rechenzentren\/#breadcrumb","itemListElement":[{"@type":"ListItem","position":1,"name":"Startseite","item":"https:\/\/www.cloudandheat.com\/"},{"@type":"ListItem","position":2,"name":"Stellgr\u00f6\u00dfen der Energieeffizienzoptimierung von Rechenzentren"}]},{"@type":"WebSite","@id":"https:\/\/www.cloudandheat.com\/#website","url":"https:\/\/www.cloudandheat.com\/","name":"Cloud &amp; Heat Technolgies GmbH","description":"Cloud service and cloud technology providers","publisher":{"@id":"https:\/\/www.cloudandheat.com\/#organization"},"alternateName":"Cloud and Heat Technologies GmbH","potentialAction":[{"@type":"SearchAction","target":{"@type":"EntryPoint","urlTemplate":"https:\/\/www.cloudandheat.com\/?s={search_term_string}"},"query-input":{"@type":"PropertyValueSpecification","valueRequired":true,"valueName":"search_term_string"}}],"inLanguage":"en-GB"},{"@type":"Organization","@id":"https:\/\/www.cloudandheat.com\/#organization","name":"Cloud&amp;Heat Technologies GmbH","url":"https:\/\/www.cloudandheat.com\/","logo":{"@type":"ImageObject","inLanguage":"en-GB","@id":"https:\/\/www.cloudandheat.com\/#\/schema\/logo\/image\/","url":"https:\/\/www.cloudandheat.com\/wp-content\/uploads\/2022\/08\/logo.svg","contentUrl":"https:\/\/www.cloudandheat.com\/wp-content\/uploads\/2022\/08\/logo.svg","width":907,"height":1782,"caption":"Cloud&Heat Technologies GmbH"},"image":{"@id":"https:\/\/www.cloudandheat.com\/#\/schema\/logo\/image\/"},"sameAs":["https:\/\/www.facebook.com\/CloudandHeat","https:\/\/x.com\/cloudandheat"]},{"@type":"Person","@id":"https:\/\/www.cloudandheat.com\/#\/schema\/person\/9d8e9e381c26ef3fdd6ce0de09e486a4","name":"Sarah G\u00fcnther","image":{"@type":"ImageObject","inLanguage":"en-GB","@id":"https:\/\/www.cloudandheat.com\/#\/schema\/person\/image\/","url":"https:\/\/secure.gravatar.com\/avatar\/d67ec01cd9ca6c373f3ee8f6c10643ab8a25bae512dfa346ec40d4714ea81132?s=96&d=mm&r=g","contentUrl":"https:\/\/secure.gravatar.com\/avatar\/d67ec01cd9ca6c373f3ee8f6c10643ab8a25bae512dfa346ec40d4714ea81132?s=96&d=mm&r=g","caption":"Sarah G\u00fcnther"}}]}},"_links":{"self":[{"href":"https:\/\/www.cloudandheat.com\/en\/wp-json\/wp\/v2\/posts\/9486","targetHints":{"allow":["GET"]}}],"collection":[{"href":"https:\/\/www.cloudandheat.com\/en\/wp-json\/wp\/v2\/posts"}],"about":[{"href":"https:\/\/www.cloudandheat.com\/en\/wp-json\/wp\/v2\/types\/post"}],"author":[{"embeddable":true,"href":"https:\/\/www.cloudandheat.com\/en\/wp-json\/wp\/v2\/users\/6"}],"replies":[{"embeddable":true,"href":"https:\/\/www.cloudandheat.com\/en\/wp-json\/wp\/v2\/comments?post=9486"}],"version-history":[{"count":0,"href":"https:\/\/www.cloudandheat.com\/en\/wp-json\/wp\/v2\/posts\/9486\/revisions"}],"wp:featuredmedia":[{"embeddable":true,"href":"https:\/\/www.cloudandheat.com\/en\/wp-json\/wp\/v2\/media\/9536"}],"wp:attachment":[{"href":"https:\/\/www.cloudandheat.com\/en\/wp-json\/wp\/v2\/media?parent=9486"}],"wp:term":[{"taxonomy":"category","embeddable":true,"href":"https:\/\/www.cloudandheat.com\/en\/wp-json\/wp\/v2\/categories?post=9486"},{"taxonomy":"post_tag","embeddable":true,"href":"https:\/\/www.cloudandheat.com\/en\/wp-json\/wp\/v2\/tags?post=9486"}],"curies":[{"name":"wp","href":"https:\/\/api.w.org\/{rel}","templated":true}]}}